{"id":2294,"date":"2024-09-01T18:00:00","date_gmt":"2024-09-01T16:00:00","guid":{"rendered":"https:\/\/www.sv-eberstadt.de\/?p=2294"},"modified":"2024-09-24T18:10:04","modified_gmt":"2024-09-24T16:10:04","slug":"sv-eberstadt-startet-mit-4-mannschaften-in-die-saison-2024-25","status":"publish","type":"post","link":"http:\/\/www.sv-eberstadt.de\/?p=2294","title":{"rendered":"SV Eberstadt startet mit 4 Mannschaften in die Saison 2024\/25"},"content":{"rendered":"\n\n\n<p>Dank der Reduzierung der Mannschaftsgr\u00f6\u00dfen von 6 auf 4 Spieler und einigen Neuzug\u00e4ngen in den letzten beiden Jahren kann der SV Eberstadt in diesem Jahr 4 Mannschaften aufstellen.&nbsp;<br><br>Neben einer frischen U13 sowie einer inzwischen auf Kreisliga-Niveau spielenden U15 war es uns in diesem Jahr auch m\u00f6glich, 2 Herrenmannschaften zu bilden.<\/p>\n<p>Unsere 1. Herren konnte durch die Umstellung in die 1. Kreisklasse hochgemeldet werden. Die 2. Herren startet in der 3. Kreisklasse durch.&nbsp;<\/p>\n<p>Wir w\u00fcnschen allen Spielerinnen und Spielern viel Spa\u00df und Erfolg in der neuen Saison!<\/p>\n<p>&nbsp;<\/p>\n\n\n\n<p><iframe loading=\"lazy\" src=\"https:\/\/www.mytischtennis.de\/club-module\/club\/teams\/clubNr\/42014\/fedNickname\/HeTTV\" width=\"720\" height=\"500\" scrolling=\"no\"> <\/iframe><\/p>\n","protected":false},"excerpt":{"rendered":"<p>Dank der Reduzierung der Mannschaftsgr\u00f6\u00dfen von 6 auf 4 Spieler und einigen Neuzug\u00e4ngen in den letzten beiden Jahren kann der SV Eberstadt in diesem Jahr 4 Mannschaften aufstellen.&nbsp; Neben einer frischen U13 sowie einer inzwischen auf Kreisliga-Niveau spielenden U15 war es uns in diesem Jahr auch m\u00f6glich, 2 Herrenmannschaften zu bilden. Unsere 1. Herren konnte [&hellip;]<\/p>\n","protected":false},"author":1,"featured_media":0,"comment_status":"closed","ping_status":"closed","sticky":false,"template":"","format":"standard","meta":{"ngg_post_thumbnail":0,"footnotes":""},"categories":[1],"tags":[],"class_list":["post-2294","post","type-post","status-publish","format-standard","hentry","category-allgemein"],"_links":{"self":[{"href":"http:\/\/www.sv-eberstadt.de\/index.php?rest_route=\/wp\/v2\/posts\/2294","targetHints":{"allow":["GET"]}}],"collection":[{"href":"http:\/\/www.sv-eberstadt.de\/index.php?rest_route=\/wp\/v2\/posts"}],"about":[{"href":"http:\/\/www.sv-eberstadt.de\/index.php?rest_route=\/wp\/v2\/types\/post"}],"author":[{"embeddable":true,"href":"http:\/\/www.sv-eberstadt.de\/index.php?rest_route=\/wp\/v2\/users\/1"}],"replies":[{"embeddable":true,"href":"http:\/\/www.sv-eberstadt.de\/index.php?rest_route=%2Fwp%2Fv2%2Fcomments&post=2294"}],"version-history":[{"count":3,"href":"http:\/\/www.sv-eberstadt.de\/index.php?rest_route=\/wp\/v2\/posts\/2294\/revisions"}],"predecessor-version":[{"id":2297,"href":"http:\/\/www.sv-eberstadt.de\/index.php?rest_route=\/wp\/v2\/posts\/2294\/revisions\/2297"}],"wp:attachment":[{"href":"http:\/\/www.sv-eberstadt.de\/index.php?rest_route=%2Fwp%2Fv2%2Fmedia&parent=2294"}],"wp:term":[{"taxonomy":"category","embeddable":true,"href":"http:\/\/www.sv-eberstadt.de\/index.php?rest_route=%2Fwp%2Fv2%2Fcategories&post=2294"},{"taxonomy":"post_tag","embeddable":true,"href":"http:\/\/www.sv-eberstadt.de\/index.php?rest_route=%2Fwp%2Fv2%2Ftags&post=2294"}],"curies":[{"name":"wp","href":"https:\/\/api.w.org\/{rel}","templated":true}]}}